{"id":1793,"date":"2024-06-20T16:45:09","date_gmt":"2024-06-20T21:45:09","guid":{"rendered":"https:\/\/www.fuerzamoderna.org.pe\/?p=1793"},"modified":"2024-06-20T16:53:22","modified_gmt":"2024-06-20T21:53:22","slug":"dia-del-campesino-24-de-junio-feriado-o-no","status":"publish","type":"post","link":"https:\/\/www.fuerzamoderna.org.pe\/?p=1793","title":{"rendered":"DIA DEL CAMPESINO: \u00bf24 de junio feriado o no?"},"content":{"rendered":"\n<p>El 24 de junio es una fecha simb\u00f3lica en Per\u00fa que conmemora el D\u00eda del Campesino, un d\u00eda destinado a rendir homenaje a los hombres y mujeres que trabajan la tierra. Este d\u00eda especial celebra su dedicaci\u00f3n y valioso aporte a la seguridad alimentaria y al desarrollo sostenible del pa\u00eds.<\/p>\n\n\n\n<figure class=\"wp-block-image size-large is-style-default\"><img loading=\"lazy\" decoding=\"async\" width=\"1024\" height=\"648\" src=\"https:\/\/www.fuerzamoderna.org.pe\/wp-content\/uploads\/2024\/06\/Diseno-sin-titulo-2-min-3-1024x648.png\" alt=\"\" class=\"wp-image-1803\" srcset=\"https:\/\/www.fuerzamoderna.org.pe\/wp-content\/uploads\/2024\/06\/Diseno-sin-titulo-2-min-3-1024x648.png 1024w, https:\/\/www.fuerzamoderna.org.pe\/wp-content\/uploads\/2024\/06\/Diseno-sin-titulo-2-min-3-300x190.png 300w, https:\/\/www.fuerzamoderna.org.pe\/wp-content\/uploads\/2024\/06\/Diseno-sin-titulo-2-min-3-768x486.png 768w, https:\/\/www.fuerzamoderna.org.pe\/wp-content\/uploads\/2024\/06\/Diseno-sin-titulo-2-min-3-1536x972.png 1536w, https:\/\/www.fuerzamoderna.org.pe\/wp-content\/uploads\/2024\/06\/Diseno-sin-titulo-2-min-3.png 1600w\" sizes=\"auto, (max-width: 1024px) 100vw, 1024px\" \/><\/figure>\n\n\n\n<p>El D\u00eda del Campesino no solo destaca la labor incansable en el campo, sino que tambi\u00e9n sirve como una oportunidad para reflexionar sobre los desaf\u00edos que enfrenta este sector crucial. Es adem\u00e1s un momento para reconocer y valorar las tradiciones culturales arraigadas en las comunidades rurales de Per\u00fa.<\/p>\n\n\n\n<p>A pesar de su importancia, hay incertidumbre entre los peruanos sobre si el 24 de junio est\u00e1 designado oficialmente como feriado o d\u00eda no laborable seg\u00fan el calendario oficial del pa\u00eds. Seg\u00fan el Decreto Legislativo 713, publicado en el diario oficial El Peruano, el D\u00eda del Campesino no figura en la lista de feriados reconocidos. De igual manera, el Decreto Supremo 11-2024-PCM, que establece los d\u00edas no laborables, tampoco incluye esta fecha.<\/p>\n\n\n\n<p>En consecuencia, tanto los trabajadores del sector p\u00fablico como privado deber\u00e1n cumplir con sus jornadas laborales de manera habitual el pr\u00f3ximo 24 de junio. Aunque no est\u00e9 establecido como feriado o d\u00eda no laborable, la importancia del D\u00eda del Campesino sigue siendo fundamental para reconocer y valorar el papel esencial de los campesinos en la sociedad peruana.<\/p>\n","protected":false},"excerpt":{"rendered":"<p>El 24 de junio es una fecha simb\u00f3lica en Per\u00fa que conmemora el D\u00eda del Campesino, un d\u00eda destinado a rendir homenaje a los hombres y mujeres que trabajan la tierra. Este d\u00eda especial celebra su dedicaci\u00f3n y valioso aporte a la seguridad alimentaria y al desarrollo sostenible del pa\u00eds. El D\u00eda del Campesino no &hellip;<\/p>\n<p class=\"read-more\"> <a class=\"\" href=\"https:\/\/www.fuerzamoderna.org.pe\/?p=1793\"> <span class=\"screen-reader-text\">DIA DEL CAMPESINO: \u00bf24 de junio feriado o no?<\/span> Read More &raquo;<\/a><\/p>\n","protected":false},"author":1,"featured_media":0,"comment_status":"open","ping_status":"open","sticky":false,"template":"","format":"standard","meta":{"site-sidebar-layout":"default","site-content-layout":"","ast-site-content-layout":"","site-content-style":"default","site-sidebar-style":"default","ast-global-header-display":"","ast-banner-title-visibility":"","ast-main-header-display":"","ast-hfb-above-header-display":"","ast-hfb-below-header-display":"","ast-hfb-mobile-header-display":"","site-post-title":"","ast-breadcrumbs-content":"","ast-featured-img":"","footer-sml-layout":"","theme-transparent-header-meta":"","adv-header-id-meta":"","stick-header-meta":"","header-above-stick-meta":"","header-main-stick-meta":"","header-below-stick-meta":"","astra-migrate-meta-layouts":"","footnotes":""},"categories":[1],"tags":[],"class_list":["post-1793","post","type-post","status-publish","format-standard","hentry","category-sin-categoria"],"yoast_head":"<!-- This site is optimized with the Yoast SEO plugin v21.6 - https:\/\/yoast.com\/wordpress\/plugins\/seo\/ -->\n<title>DIA DEL CAMPESINO: \u00bf24 de junio feriado o no? - Fuerza Moderna<\/title>\n<meta name=\"robots\" content=\"index, follow, max-snippet:-1, max-image-preview:large, max-video-preview:-1\" \/>\n<link rel=\"canonical\" href=\"https:\/\/www.fuerzamoderna.org.pe\/?p=1793\" \/>\n<meta property=\"og:locale\" content=\"es_ES\" \/>\n<meta property=\"og:type\" content=\"article\" \/>\n<meta property=\"og:title\" content=\"DIA DEL CAMPESINO: \u00bf24 de junio feriado o no? - Fuerza Moderna\" \/>\n<meta property=\"og:description\" content=\"El 24 de junio es una fecha simb\u00f3lica en Per\u00fa que conmemora el D\u00eda del Campesino, un d\u00eda destinado a rendir homenaje a los hombres y mujeres que trabajan la tierra. Este d\u00eda especial celebra su dedicaci\u00f3n y valioso aporte a la seguridad alimentaria y al desarrollo sostenible del pa\u00eds. El D\u00eda del Campesino no &hellip; DIA DEL CAMPESINO: \u00bf24 de junio feriado o no? Read More &raquo;\" \/>\n<meta property=\"og:url\" content=\"https:\/\/www.fuerzamoderna.org.pe\/?p=1793\" \/>\n<meta property=\"og:site_name\" content=\"Fuerza Moderna\" \/>\n<meta property=\"article:published_time\" content=\"2024-06-20T21:45:09+00:00\" \/>\n<meta property=\"article:modified_time\" content=\"2024-06-20T21:53:22+00:00\" \/>\n<meta property=\"og:image\" content=\"https:\/\/www.fuerzamoderna.org.pe\/wp-content\/uploads\/2024\/06\/Diseno-sin-titulo-2-min-3-1024x648.png\" \/>\n<meta name=\"author\" content=\"Fuerza Moderna\" \/>\n<meta name=\"twitter:card\" content=\"summary_large_image\" \/>\n<meta name=\"twitter:label1\" content=\"Written by\" \/>\n\t<meta name=\"twitter:data1\" content=\"Fuerza Moderna\" \/>\n\t<meta name=\"twitter:label2\" content=\"Est. reading time\" \/>\n\t<meta name=\"twitter:data2\" content=\"2 minutos\" \/>\n<script type=\"application\/ld+json\" class=\"yoast-schema-graph\">{\"@context\":\"https:\/\/schema.org\",\"@graph\":[{\"@type\":\"Article\",\"@id\":\"https:\/\/www.fuerzamoderna.org.pe\/?p=1793#article\",\"isPartOf\":{\"@id\":\"https:\/\/www.fuerzamoderna.org.pe\/?p=1793\"},\"author\":{\"name\":\"Fuerza Moderna\",\"@id\":\"https:\/\/www.fuerzamoderna.org.pe\/#\/schema\/person\/afd69b6e8af4d564ad75f7a01e6f93a4\"},\"headline\":\"DIA DEL CAMPESINO: \u00bf24 de junio feriado o no?\",\"datePublished\":\"2024-06-20T21:45:09+00:00\",\"dateModified\":\"2024-06-20T21:53:22+00:00\",\"mainEntityOfPage\":{\"@id\":\"https:\/\/www.fuerzamoderna.org.pe\/?p=1793\"},\"wordCount\":253,\"commentCount\":0,\"publisher\":{\"@id\":\"https:\/\/www.fuerzamoderna.org.pe\/#organization\"},\"inLanguage\":\"es-PE\",\"potentialAction\":[{\"@type\":\"CommentAction\",\"name\":\"Comment\",\"target\":[\"https:\/\/www.fuerzamoderna.org.pe\/?p=1793#respond\"]}]},{\"@type\":\"WebPage\",\"@id\":\"https:\/\/www.fuerzamoderna.org.pe\/?p=1793\",\"url\":\"https:\/\/www.fuerzamoderna.org.pe\/?p=1793\",\"name\":\"DIA DEL CAMPESINO: \u00bf24 de junio feriado o no? - Fuerza Moderna\",\"isPartOf\":{\"@id\":\"https:\/\/www.fuerzamoderna.org.pe\/#website\"},\"datePublished\":\"2024-06-20T21:45:09+00:00\",\"dateModified\":\"2024-06-20T21:53:22+00:00\",\"breadcrumb\":{\"@id\":\"https:\/\/www.fuerzamoderna.org.pe\/?p=1793#breadcrumb\"},\"inLanguage\":\"es-PE\",\"potentialAction\":[{\"@type\":\"ReadAction\",\"target\":[\"https:\/\/www.fuerzamoderna.org.pe\/?p=1793\"]}]},{\"@type\":\"BreadcrumbList\",\"@id\":\"https:\/\/www.fuerzamoderna.org.pe\/?p=1793#breadcrumb\",\"itemListElement\":[{\"@type\":\"ListItem\",\"position\":1,\"name\":\"Portada\",\"item\":\"https:\/\/www.fuerzamoderna.org.pe\/\"},{\"@type\":\"ListItem\",\"position\":2,\"name\":\"DIA DEL CAMPESINO: \u00bf24 de junio feriado o no?\"}]},{\"@type\":\"WebSite\",\"@id\":\"https:\/\/www.fuerzamoderna.org.pe\/#website\",\"url\":\"https:\/\/www.fuerzamoderna.org.pe\/\",\"name\":\"Fuerza Moderna\",\"description\":\"\",\"publisher\":{\"@id\":\"https:\/\/www.fuerzamoderna.org.pe\/#organization\"},\"potentialAction\":[{\"@type\":\"SearchAction\",\"target\":{\"@type\":\"EntryPoint\",\"urlTemplate\":\"https:\/\/www.fuerzamoderna.org.pe\/?s={search_term_string}\"},\"query-input\":\"required name=search_term_string\"}],\"inLanguage\":\"es-PE\"},{\"@type\":\"Organization\",\"@id\":\"https:\/\/www.fuerzamoderna.org.pe\/#organization\",\"name\":\"Fuerza Moderna\",\"url\":\"https:\/\/www.fuerzamoderna.org.pe\/\",\"logo\":{\"@type\":\"ImageObject\",\"inLanguage\":\"es-PE\",\"@id\":\"https:\/\/www.fuerzamoderna.org.pe\/#\/schema\/logo\/image\/\",\"url\":\"https:\/\/www.fuerzamoderna.org.pe\/wp-content\/uploads\/2023\/10\/fm3.png\",\"contentUrl\":\"https:\/\/www.fuerzamoderna.org.pe\/wp-content\/uploads\/2023\/10\/fm3.png\",\"width\":80,\"height\":80,\"caption\":\"Fuerza Moderna\"},\"image\":{\"@id\":\"https:\/\/www.fuerzamoderna.org.pe\/#\/schema\/logo\/image\/\"}},{\"@type\":\"Person\",\"@id\":\"https:\/\/www.fuerzamoderna.org.pe\/#\/schema\/person\/afd69b6e8af4d564ad75f7a01e6f93a4\",\"name\":\"Fuerza Moderna\",\"image\":{\"@type\":\"ImageObject\",\"inLanguage\":\"es-PE\",\"@id\":\"https:\/\/www.fuerzamoderna.org.pe\/#\/schema\/person\/image\/\",\"url\":\"https:\/\/secure.gravatar.com\/avatar\/3a50e04cefbc1647fd954a683bff836e1415654d62440cc6b99fb3135e68ed70?s=96&d=mm&r=g\",\"contentUrl\":\"https:\/\/secure.gravatar.com\/avatar\/3a50e04cefbc1647fd954a683bff836e1415654d62440cc6b99fb3135e68ed70?s=96&d=mm&r=g\",\"caption\":\"Fuerza Moderna\"},\"sameAs\":[\"http:\/\/fuerzamoderna.org.pe\"],\"url\":\"https:\/\/www.fuerzamoderna.org.pe\/?author=1\"}]}<\/script>\n<!-- \/ Yoast SEO plugin. -->","yoast_head_json":{"title":"DIA DEL CAMPESINO: \u00bf24 de junio feriado o no? - Fuerza Moderna","robots":{"index":"index","follow":"follow","max-snippet":"max-snippet:-1","max-image-preview":"max-image-preview:large","max-video-preview":"max-video-preview:-1"},"canonical":"https:\/\/www.fuerzamoderna.org.pe\/?p=1793","og_locale":"es_ES","og_type":"article","og_title":"DIA DEL CAMPESINO: \u00bf24 de junio feriado o no? - Fuerza Moderna","og_description":"El 24 de junio es una fecha simb\u00f3lica en Per\u00fa que conmemora el D\u00eda del Campesino, un d\u00eda destinado a rendir homenaje a los hombres y mujeres que trabajan la tierra. Este d\u00eda especial celebra su dedicaci\u00f3n y valioso aporte a la seguridad alimentaria y al desarrollo sostenible del pa\u00eds. El D\u00eda del Campesino no &hellip; DIA DEL CAMPESINO: \u00bf24 de junio feriado o no? Read More &raquo;","og_url":"https:\/\/www.fuerzamoderna.org.pe\/?p=1793","og_site_name":"Fuerza Moderna","article_published_time":"2024-06-20T21:45:09+00:00","article_modified_time":"2024-06-20T21:53:22+00:00","og_image":[{"url":"https:\/\/www.fuerzamoderna.org.pe\/wp-content\/uploads\/2024\/06\/Diseno-sin-titulo-2-min-3-1024x648.png"}],"author":"Fuerza Moderna","twitter_card":"summary_large_image","twitter_misc":{"Written by":"Fuerza Moderna","Est. reading time":"2 minutos"},"schema":{"@context":"https:\/\/schema.org","@graph":[{"@type":"Article","@id":"https:\/\/www.fuerzamoderna.org.pe\/?p=1793#article","isPartOf":{"@id":"https:\/\/www.fuerzamoderna.org.pe\/?p=1793"},"author":{"name":"Fuerza Moderna","@id":"https:\/\/www.fuerzamoderna.org.pe\/#\/schema\/person\/afd69b6e8af4d564ad75f7a01e6f93a4"},"headline":"DIA DEL CAMPESINO: \u00bf24 de junio feriado o no?","datePublished":"2024-06-20T21:45:09+00:00","dateModified":"2024-06-20T21:53:22+00:00","mainEntityOfPage":{"@id":"https:\/\/www.fuerzamoderna.org.pe\/?p=1793"},"wordCount":253,"commentCount":0,"publisher":{"@id":"https:\/\/www.fuerzamoderna.org.pe\/#organization"},"inLanguage":"es-PE","potentialAction":[{"@type":"CommentAction","name":"Comment","target":["https:\/\/www.fuerzamoderna.org.pe\/?p=1793#respond"]}]},{"@type":"WebPage","@id":"https:\/\/www.fuerzamoderna.org.pe\/?p=1793","url":"https:\/\/www.fuerzamoderna.org.pe\/?p=1793","name":"DIA DEL CAMPESINO: \u00bf24 de junio feriado o no? - Fuerza Moderna","isPartOf":{"@id":"https:\/\/www.fuerzamoderna.org.pe\/#website"},"datePublished":"2024-06-20T21:45:09+00:00","dateModified":"2024-06-20T21:53:22+00:00","breadcrumb":{"@id":"https:\/\/www.fuerzamoderna.org.pe\/?p=1793#breadcrumb"},"inLanguage":"es-PE","potentialAction":[{"@type":"ReadAction","target":["https:\/\/www.fuerzamoderna.org.pe\/?p=1793"]}]},{"@type":"BreadcrumbList","@id":"https:\/\/www.fuerzamoderna.org.pe\/?p=1793#breadcrumb","itemListElement":[{"@type":"ListItem","position":1,"name":"Portada","item":"https:\/\/www.fuerzamoderna.org.pe\/"},{"@type":"ListItem","position":2,"name":"DIA DEL CAMPESINO: \u00bf24 de junio feriado o no?"}]},{"@type":"WebSite","@id":"https:\/\/www.fuerzamoderna.org.pe\/#website","url":"https:\/\/www.fuerzamoderna.org.pe\/","name":"Fuerza Moderna","description":"","publisher":{"@id":"https:\/\/www.fuerzamoderna.org.pe\/#organization"},"potentialAction":[{"@type":"SearchAction","target":{"@type":"EntryPoint","urlTemplate":"https:\/\/www.fuerzamoderna.org.pe\/?s={search_term_string}"},"query-input":"required name=search_term_string"}],"inLanguage":"es-PE"},{"@type":"Organization","@id":"https:\/\/www.fuerzamoderna.org.pe\/#organization","name":"Fuerza Moderna","url":"https:\/\/www.fuerzamoderna.org.pe\/","logo":{"@type":"ImageObject","inLanguage":"es-PE","@id":"https:\/\/www.fuerzamoderna.org.pe\/#\/schema\/logo\/image\/","url":"https:\/\/www.fuerzamoderna.org.pe\/wp-content\/uploads\/2023\/10\/fm3.png","contentUrl":"https:\/\/www.fuerzamoderna.org.pe\/wp-content\/uploads\/2023\/10\/fm3.png","width":80,"height":80,"caption":"Fuerza Moderna"},"image":{"@id":"https:\/\/www.fuerzamoderna.org.pe\/#\/schema\/logo\/image\/"}},{"@type":"Person","@id":"https:\/\/www.fuerzamoderna.org.pe\/#\/schema\/person\/afd69b6e8af4d564ad75f7a01e6f93a4","name":"Fuerza Moderna","image":{"@type":"ImageObject","inLanguage":"es-PE","@id":"https:\/\/www.fuerzamoderna.org.pe\/#\/schema\/person\/image\/","url":"https:\/\/secure.gravatar.com\/avatar\/3a50e04cefbc1647fd954a683bff836e1415654d62440cc6b99fb3135e68ed70?s=96&d=mm&r=g","contentUrl":"https:\/\/secure.gravatar.com\/avatar\/3a50e04cefbc1647fd954a683bff836e1415654d62440cc6b99fb3135e68ed70?s=96&d=mm&r=g","caption":"Fuerza Moderna"},"sameAs":["http:\/\/fuerzamoderna.org.pe"],"url":"https:\/\/www.fuerzamoderna.org.pe\/?author=1"}]}},"_links":{"self":[{"href":"https:\/\/www.fuerzamoderna.org.pe\/index.php?rest_route=\/wp\/v2\/posts\/1793","targetHints":{"allow":["GET"]}}],"collection":[{"href":"https:\/\/www.fuerzamoderna.org.pe\/index.php?rest_route=\/wp\/v2\/posts"}],"about":[{"href":"https:\/\/www.fuerzamoderna.org.pe\/index.php?rest_route=\/wp\/v2\/types\/post"}],"author":[{"embeddable":true,"href":"https:\/\/www.fuerzamoderna.org.pe\/index.php?rest_route=\/wp\/v2\/users\/1"}],"replies":[{"embeddable":true,"href":"https:\/\/www.fuerzamoderna.org.pe\/index.php?rest_route=%2Fwp%2Fv2%2Fcomments&post=1793"}],"version-history":[{"count":3,"href":"https:\/\/www.fuerzamoderna.org.pe\/index.php?rest_route=\/wp\/v2\/posts\/1793\/revisions"}],"predecessor-version":[{"id":1805,"href":"https:\/\/www.fuerzamoderna.org.pe\/index.php?rest_route=\/wp\/v2\/posts\/1793\/revisions\/1805"}],"wp:attachment":[{"href":"https:\/\/www.fuerzamoderna.org.pe\/index.php?rest_route=%2Fwp%2Fv2%2Fmedia&parent=1793"}],"wp:term":[{"taxonomy":"category","embeddable":true,"href":"https:\/\/www.fuerzamoderna.org.pe\/index.php?rest_route=%2Fwp%2Fv2%2Fcategories&post=1793"},{"taxonomy":"post_tag","embeddable":true,"href":"https:\/\/www.fuerzamoderna.org.pe\/index.php?rest_route=%2Fwp%2Fv2%2Ftags&post=1793"}],"curies":[{"name":"wp","href":"https:\/\/api.w.org\/{rel}","templated":true}]}}